{"id":25176,"date":"2024-09-23T15:36:12","date_gmt":"2024-09-23T21:36:12","guid":{"rendered":"https:\/\/centreest.ca\/accueil\/?p=25176"},"modified":"2024-09-23T15:36:12","modified_gmt":"2024-09-23T21:36:12","slug":"semaine-de-verite-et-reconciliation-2024","status":"publish","type":"post","link":"https:\/\/centreest.ca\/accueil\/semaine-de-verite-et-reconciliation-2024\/","title":{"rendered":"Semaine de v\u00e9rit\u00e9 et r\u00e9conciliation 2024"},"content":{"rendered":"<p><img loading=\"lazy\" decoding=\"async\" class=\"aligncenter wp-image-25177 size-full\" src=\"https:\/\/centreest.ca\/accueil\/wp-content\/uploads\/2024\/09\/1-3.png\" alt=\"\" width=\"1080\" height=\"1080\" srcset=\"https:\/\/centreest.ca\/accueil\/wp-content\/uploads\/2024\/09\/1-3.png 1080w, https:\/\/centreest.ca\/accueil\/wp-content\/uploads\/2024\/09\/1-3-300x300.png 300w, https:\/\/centreest.ca\/accueil\/wp-content\/uploads\/2024\/09\/1-3-1024x1024.png 1024w, https:\/\/centreest.ca\/accueil\/wp-content\/uploads\/2024\/09\/1-3-150x150.png 150w, https:\/\/centreest.ca\/accueil\/wp-content\/uploads\/2024\/09\/1-3-768x768.png 768w, https:\/\/centreest.ca\/accueil\/wp-content\/uploads\/2024\/09\/1-3-102x102.png 102w, https:\/\/centreest.ca\/accueil\/wp-content\/uploads\/2024\/09\/1-3-264x264.png 264w, https:\/\/centreest.ca\/accueil\/wp-content\/uploads\/2024\/09\/1-3-400x400.png 400w\" sizes=\"auto, (max-width: 1080px) 100vw, 1080px\" \/><\/p>\n<p><span style=\"font-family: times new roman, serif;\">Du 23 au 27 septembre 2024 marque la\u00a0<em><a href=\"https:\/\/trw-svr.nctr.ca\/fr\/accueil\/\" target=\"_blank\" rel=\"noopener\" data-saferedirecturl=\"https:\/\/www.google.com\/url?q=https:\/\/trw-svr.nctr.ca\/fr\/accueil\/&amp;source=gmail&amp;ust=1727208804767000&amp;usg=AOvVaw3pfASi7TAEAaJF-ZKnVSVq\">Semaine de la v\u00e9rit\u00e9 et de la r\u00e9conciliation<\/a><\/em>, partout au pays et bien s\u00fbr, dans les \u00e9coles du CSCE.<\/span><\/p>\n<p><span style=\"font-family: times new roman, serif;\"><strong>Les \u00e9coles seront ouvertes le 30 septembre<\/strong> et nous tiendrons des activit\u00e9s de comm\u00e9moration ainsi que la journ\u00e9e de port du chemise orange pour nos \u00e9l\u00e8ves et nos enseignants.<\/span><\/p>\n<p><span style=\"font-family: times new roman, serif;\">Bonne semaine!<\/span><\/p>\n","protected":false},"excerpt":{"rendered":"<p>Du 23 au 27 septembre 2024 marque la\u00a0Semaine de la v\u00e9rit\u00e9 et de la r\u00e9conciliation, partout au pays et bien s\u00fbr, dans les \u00e9coles du CSCE. Les \u00e9coles seront ouvertes [&hellip;]<\/p>\n","protected":false},"author":2,"featured_media":25177,"comment_status":"closed","ping_status":"closed","sticky":false,"template":"","format":"standard","meta":{"footnotes":""},"categories":[18],"tags":[],"class_list":["post-25176","post","type-post","status-publish","format-standard","has-post-thumbnail","hentry","category-non-classifiee"],"_links":{"self":[{"href":"https:\/\/centreest.ca\/accueil\/wp-json\/wp\/v2\/posts\/25176","targetHints":{"allow":["GET"]}}],"collection":[{"href":"https:\/\/centreest.ca\/accueil\/wp-json\/wp\/v2\/posts"}],"about":[{"href":"https:\/\/centreest.ca\/accueil\/wp-json\/wp\/v2\/types\/post"}],"author":[{"embeddable":true,"href":"https:\/\/centreest.ca\/accueil\/wp-json\/wp\/v2\/users\/2"}],"replies":[{"embeddable":true,"href":"https:\/\/centreest.ca\/accueil\/wp-json\/wp\/v2\/comments?post=25176"}],"version-history":[{"count":4,"href":"https:\/\/centreest.ca\/accueil\/wp-json\/wp\/v2\/posts\/25176\/revisions"}],"predecessor-version":[{"id":25184,"href":"https:\/\/centreest.ca\/accueil\/wp-json\/wp\/v2\/posts\/25176\/revisions\/25184"}],"wp:featuredmedia":[{"embeddable":true,"href":"https:\/\/centreest.ca\/accueil\/wp-json\/wp\/v2\/media\/25177"}],"wp:attachment":[{"href":"https:\/\/centreest.ca\/accueil\/wp-json\/wp\/v2\/media?parent=25176"}],"wp:term":[{"taxonomy":"category","embeddable":true,"href":"https:\/\/centreest.ca\/accueil\/wp-json\/wp\/v2\/categories?post=25176"},{"taxonomy":"post_tag","embeddable":true,"href":"https:\/\/centreest.ca\/accueil\/wp-json\/wp\/v2\/tags?post=25176"}],"curies":[{"name":"wp","href":"https:\/\/api.w.org\/{rel}","templated":true}]}}