{"id":23278,"date":"2023-09-25T14:16:19","date_gmt":"2023-09-25T20:16:19","guid":{"rendered":"https:\/\/centreest.ca\/accueil\/?p=23278"},"modified":"2023-09-25T14:20:53","modified_gmt":"2023-09-25T20:20:53","slug":"semaine-de-verite-et-reconciliation-2023","status":"publish","type":"post","link":"https:\/\/centreest.ca\/accueil\/semaine-de-verite-et-reconciliation-2023\/","title":{"rendered":"Semaine de v\u00e9rit\u00e9 et r\u00e9conciliation 2023"},"content":{"rendered":"<p><img loading=\"lazy\" decoding=\"async\" class=\"aligncenter size-full wp-image-23279\" src=\"https:\/\/centreest.ca\/accueil\/wp-content\/uploads\/2023\/09\/Post-Sem.-verite-Publication-Instagram-Carre.png\" alt=\"\" width=\"1080\" height=\"1080\" srcset=\"https:\/\/centreest.ca\/accueil\/wp-content\/uploads\/2023\/09\/Post-Sem.-verite-Publication-Instagram-Carre.png 1080w, https:\/\/centreest.ca\/accueil\/wp-content\/uploads\/2023\/09\/Post-Sem.-verite-Publication-Instagram-Carre-300x300.png 300w, https:\/\/centreest.ca\/accueil\/wp-content\/uploads\/2023\/09\/Post-Sem.-verite-Publication-Instagram-Carre-1024x1024.png 1024w, https:\/\/centreest.ca\/accueil\/wp-content\/uploads\/2023\/09\/Post-Sem.-verite-Publication-Instagram-Carre-150x150.png 150w, https:\/\/centreest.ca\/accueil\/wp-content\/uploads\/2023\/09\/Post-Sem.-verite-Publication-Instagram-Carre-768x768.png 768w, https:\/\/centreest.ca\/accueil\/wp-content\/uploads\/2023\/09\/Post-Sem.-verite-Publication-Instagram-Carre-102x102.png 102w, https:\/\/centreest.ca\/accueil\/wp-content\/uploads\/2023\/09\/Post-Sem.-verite-Publication-Instagram-Carre-264x264.png 264w, https:\/\/centreest.ca\/accueil\/wp-content\/uploads\/2023\/09\/Post-Sem.-verite-Publication-Instagram-Carre-400x400.png 400w\" sizes=\"auto, (max-width: 1080px) 100vw, 1080px\" \/><\/p>\n<p>Du 25 au 30 septembre 2023 marque la <a href=\"https:\/\/nctr.ca\/education-fr\/coming-soon-truth-and-reconciliation-week-2023\/trw2023-gen\/?lang=fr\" target=\"_blank\" rel=\"noopener\"><em><strong>Semaine de la v\u00e9rit\u00e9 et de la r\u00e9conciliation<\/strong><\/em><\/a>, partout au pays et bien s\u00fbr, dans les \u00e9coles du CSCE.<\/p>\n<p><!--more--><\/p>\n<p>Certaines activit\u00e9s de comm\u00e9moration auront lieu dans nos \u00e9tablissements cette semaine dont le port du chandail orange pour nos \u00e9l\u00e8ves et enseignants le 29 septembre.<\/p>\n<p>Bonne semaine!<\/p>\n<p>&nbsp;<\/p>\n","protected":false},"excerpt":{"rendered":"<p>Du 25 au 30 septembre 2023 marque la Semaine de la v\u00e9rit\u00e9 et de la r\u00e9conciliation, partout au pays et bien s\u00fbr, dans les \u00e9coles du CSCE.<\/p>\n","protected":false},"author":2,"featured_media":23279,"comment_status":"closed","ping_status":"closed","sticky":false,"template":"","format":"standard","meta":{"footnotes":""},"categories":[18],"tags":[],"class_list":["post-23278","post","type-post","status-publish","format-standard","has-post-thumbnail","hentry","category-non-classifiee"],"_links":{"self":[{"href":"https:\/\/centreest.ca\/accueil\/wp-json\/wp\/v2\/posts\/23278","targetHints":{"allow":["GET"]}}],"collection":[{"href":"https:\/\/centreest.ca\/accueil\/wp-json\/wp\/v2\/posts"}],"about":[{"href":"https:\/\/centreest.ca\/accueil\/wp-json\/wp\/v2\/types\/post"}],"author":[{"embeddable":true,"href":"https:\/\/centreest.ca\/accueil\/wp-json\/wp\/v2\/users\/2"}],"replies":[{"embeddable":true,"href":"https:\/\/centreest.ca\/accueil\/wp-json\/wp\/v2\/comments?post=23278"}],"version-history":[{"count":3,"href":"https:\/\/centreest.ca\/accueil\/wp-json\/wp\/v2\/posts\/23278\/revisions"}],"predecessor-version":[{"id":23288,"href":"https:\/\/centreest.ca\/accueil\/wp-json\/wp\/v2\/posts\/23278\/revisions\/23288"}],"wp:featuredmedia":[{"embeddable":true,"href":"https:\/\/centreest.ca\/accueil\/wp-json\/wp\/v2\/media\/23279"}],"wp:attachment":[{"href":"https:\/\/centreest.ca\/accueil\/wp-json\/wp\/v2\/media?parent=23278"}],"wp:term":[{"taxonomy":"category","embeddable":true,"href":"https:\/\/centreest.ca\/accueil\/wp-json\/wp\/v2\/categories?post=23278"},{"taxonomy":"post_tag","embeddable":true,"href":"https:\/\/centreest.ca\/accueil\/wp-json\/wp\/v2\/tags?post=23278"}],"curies":[{"name":"wp","href":"https:\/\/api.w.org\/{rel}","templated":true}]}}