{"id":18707,"date":"2021-10-05T11:07:54","date_gmt":"2021-10-05T17:07:54","guid":{"rendered":"https:\/\/centreest.ca\/accueil\/?p=18707"},"modified":"2021-10-05T11:07:54","modified_gmt":"2021-10-05T17:07:54","slug":"5-octobre-2021-journee-mondiale-des-enseignants","status":"publish","type":"post","link":"https:\/\/centreest.ca\/accueil\/5-octobre-2021-journee-mondiale-des-enseignants\/","title":{"rendered":"5 octobre 2021 : Journ\u00e9e mondiale des enseignants"},"content":{"rendered":"<p><img loading=\"lazy\" decoding=\"async\" class=\"aligncenter wp-image-1165 size-full\" src=\"https:\/\/centreest.ca\/accueil\/wp-content\/uploads\/2017\/03\/enseignants11.jpg\" alt=\"\" width=\"496\" height=\"332\" srcset=\"https:\/\/centreest.ca\/accueil\/wp-content\/uploads\/2017\/03\/enseignants11.jpg 496w, https:\/\/centreest.ca\/accueil\/wp-content\/uploads\/2017\/03\/enseignants11-300x201.jpg 300w\" sizes=\"auto, (max-width: 496px) 100vw, 496px\" \/><\/p>\n<p>En cette <a href=\"https:\/\/fr.unesco.org\/commemorations\/worldteachersday\" target=\"_blank\" rel=\"noopener\"><strong>Journ\u00e9e mondiale des enseignants et enseignantes<\/strong><\/a>, le Conseil scolaire Centre-Est tient \u00e0 souligner le travail exceptionnel de son personnel, qui tous les jours visent l&#8217;excellence et la r\u00e9ussite des \u00e9l\u00e8ves.<\/p>\n<p>Merci \u00e0 vous tous!<\/p>\n<p>&nbsp;<\/p>\n","protected":false},"excerpt":{"rendered":"<p>En cette Journ\u00e9e mondiale des enseignants et enseignantes, le Conseil scolaire Centre-Est tient \u00e0 souligner le travail exceptionnel de son personnel, qui tous les jours visent l&#8217;excellence et la r\u00e9ussite [&hellip;]<\/p>\n","protected":false},"author":2,"featured_media":1165,"comment_status":"closed","ping_status":"closed","sticky":false,"template":"","format":"standard","meta":{"footnotes":""},"categories":[18],"tags":[],"class_list":["post-18707","post","type-post","status-publish","format-standard","has-post-thumbnail","hentry","category-non-classifiee"],"_links":{"self":[{"href":"https:\/\/centreest.ca\/accueil\/wp-json\/wp\/v2\/posts\/18707","targetHints":{"allow":["GET"]}}],"collection":[{"href":"https:\/\/centreest.ca\/accueil\/wp-json\/wp\/v2\/posts"}],"about":[{"href":"https:\/\/centreest.ca\/accueil\/wp-json\/wp\/v2\/types\/post"}],"author":[{"embeddable":true,"href":"https:\/\/centreest.ca\/accueil\/wp-json\/wp\/v2\/users\/2"}],"replies":[{"embeddable":true,"href":"https:\/\/centreest.ca\/accueil\/wp-json\/wp\/v2\/comments?post=18707"}],"version-history":[{"count":5,"href":"https:\/\/centreest.ca\/accueil\/wp-json\/wp\/v2\/posts\/18707\/revisions"}],"predecessor-version":[{"id":18722,"href":"https:\/\/centreest.ca\/accueil\/wp-json\/wp\/v2\/posts\/18707\/revisions\/18722"}],"wp:featuredmedia":[{"embeddable":true,"href":"https:\/\/centreest.ca\/accueil\/wp-json\/wp\/v2\/media\/1165"}],"wp:attachment":[{"href":"https:\/\/centreest.ca\/accueil\/wp-json\/wp\/v2\/media?parent=18707"}],"wp:term":[{"taxonomy":"category","embeddable":true,"href":"https:\/\/centreest.ca\/accueil\/wp-json\/wp\/v2\/categories?post=18707"},{"taxonomy":"post_tag","embeddable":true,"href":"https:\/\/centreest.ca\/accueil\/wp-json\/wp\/v2\/tags?post=18707"}],"curies":[{"name":"wp","href":"https:\/\/api.w.org\/{rel}","templated":true}]}}