{"id":22188,"date":"2023-02-28T15:50:30","date_gmt":"2023-02-28T22:50:30","guid":{"rendered":"https:\/\/centreest.ca\/accueil\/?p=22188"},"modified":"2023-02-28T15:51:22","modified_gmt":"2023-02-28T22:51:22","slug":"consultation-policy-5-0-students-and-staff-health-and-wellness","status":"publish","type":"post","link":"https:\/\/centreest.ca\/accueil\/en\/consultation-policy-5-0-students-and-staff-health-and-wellness\/","title":{"rendered":"Consultation &#8211; Policy 5.0 Students and Staff Health and Wellness"},"content":{"rendered":"<div class=\"wpb-content-wrapper\"><p>[vc_row][vc_column][vc_column_text]CSCE wants your input on Governance Policy <a href=\"https:\/\/centreest.ca\/accueil\/wp-content\/uploads\/2023\/02\/politique_5.0.pdf\" target=\"_blank\" rel=\"noopener\"><em><strong>5.0 &#8211; La sant\u00e9 et le bien-\u00eatre des \u00e9l\u00e8ves et des employ\u00e9s.<\/strong><\/em><\/a><\/p>\n<p><!--more--><\/p>\n<p>This policy follows the goals of the <em>Vers 2025<\/em> education plan and\u00a0is intended to be a foundation document for the workplace and school wellness initiatives that are in development.<\/p>\n<div>The policy is based on the premise that well-being is defined in several dimensions and holistically. When these dimensions are in balance, an individual develops a sense of well-being. Another important principle is that health and well-being are both an individual and a collective responsibility.<\/div>\n<div><\/div>\n<div><\/div>\n<div><em><strong>You have until Thursday March 23, 2023, noon, to give your feedback.<\/strong><\/em><\/div>\n<p>[\/vc_column_text][vc_btn title=&#8221;Consultation Form&#8221; style=&#8221;3d&#8221; color=&#8221;success&#8221; link=&#8221;url:https%3A%2F%2Fdocs.google.com%2Fforms%2Fd%2F1hmVtMAsuj75qTPEs1FoJXpoBUcNGfIoHs-aaw4dGIo0%2Fedit|target:_blank&#8221;][\/vc_column][\/vc_row]<\/p>\n<\/div>","protected":false},"excerpt":{"rendered":"<p>[vc_row][vc_column][vc_column_text]CSCE wants your input on Governance Policy 5.0 &#8211; La sant\u00e9 et le bien-\u00eatre des \u00e9l\u00e8ves et des employ\u00e9s.<\/p>\n","protected":false},"author":2,"featured_media":19819,"comment_status":"closed","ping_status":"closed","sticky":false,"template":"","format":"standard","meta":{"footnotes":""},"categories":[1],"tags":[],"class_list":["post-22188","post","type-post","status-publish","format-standard","has-post-thumbnail","hentry","category-uncategorized"],"_links":{"self":[{"href":"https:\/\/centreest.ca\/accueil\/en\/wp-json\/wp\/v2\/posts\/22188","targetHints":{"allow":["GET"]}}],"collection":[{"href":"https:\/\/centreest.ca\/accueil\/en\/wp-json\/wp\/v2\/posts"}],"about":[{"href":"https:\/\/centreest.ca\/accueil\/en\/wp-json\/wp\/v2\/types\/post"}],"author":[{"embeddable":true,"href":"https:\/\/centreest.ca\/accueil\/en\/wp-json\/wp\/v2\/users\/2"}],"replies":[{"embeddable":true,"href":"https:\/\/centreest.ca\/accueil\/en\/wp-json\/wp\/v2\/comments?post=22188"}],"version-history":[{"count":3,"href":"https:\/\/centreest.ca\/accueil\/en\/wp-json\/wp\/v2\/posts\/22188\/revisions"}],"predecessor-version":[{"id":22191,"href":"https:\/\/centreest.ca\/accueil\/en\/wp-json\/wp\/v2\/posts\/22188\/revisions\/22191"}],"wp:featuredmedia":[{"embeddable":true,"href":"https:\/\/centreest.ca\/accueil\/en\/wp-json\/wp\/v2\/media\/19819"}],"wp:attachment":[{"href":"https:\/\/centreest.ca\/accueil\/en\/wp-json\/wp\/v2\/media?parent=22188"}],"wp:term":[{"taxonomy":"category","embeddable":true,"href":"https:\/\/centreest.ca\/accueil\/en\/wp-json\/wp\/v2\/categories?post=22188"},{"taxonomy":"post_tag","embeddable":true,"href":"https:\/\/centreest.ca\/accueil\/en\/wp-json\/wp\/v2\/tags?post=22188"}],"curies":[{"name":"wp","href":"https:\/\/api.w.org\/{rel}","templated":true}]}}